{"id":7422,"date":"2020-06-16T15:53:10","date_gmt":"2020-06-16T13:53:10","guid":{"rendered":"http:\/\/turnonliterature.eu\/dk\/?p=7422"},"modified":"2020-06-16T15:53:10","modified_gmt":"2020-06-16T13:53:10","slug":"fuld-af-had-d-16-juni-2020-155143-155314","status":"publish","type":"post","link":"https:\/\/turnonliterature.eu\/dk\/2020\/06\/16\/fuld-af-had-d-16-juni-2020-155143-155314\/","title":{"rendered":"Fuld af had d. 16. juni 2020, 15:51:43 &#8211; 15:53:14"},"content":{"rendered":"<div class=\"pantoumBlock\">\n<div class=\"pantoum sentence1\">I sort dynejakke<\/div>\n<div class=\"pantoum sentence2\">Den skakt der g\u00e5r fra issen og ned<\/div>\n<div class=\"pantoum sentence3\">M\u00e5nen har altid vist os ryggen<\/div>\n<div class=\"pantoum sentence4\">N\u00e5r jeg \u00e5bner mit ansigt p\u00e5 dig<\/div>\n<\/div>\n<div class=\"pantoumBlock\">\n<div class=\"pantoum sentence2\">Den skakt der g\u00e5r fra issen og ned<\/div>\n<div class=\"pantoum sentence5\">Det er mig I sl\u00e5r ihjel<\/div>\n<div class=\"pantoum sentence4\">N\u00e5r jeg \u00e5bner mit ansigt p\u00e5 dig<\/div>\n<div class=\"pantoum sentence6\">\u00d8del\u00e6gger alt hvad der er derinde<\/div>\n<\/div>\n<div class=\"pantoumBlock\">\n<div class=\"pantoum sentence5\">Det er mig I sl\u00e5r ihjel<\/div>\n<div class=\"pantoum sentence7\">Jeg taler mig selv til fornuft<\/div>\n<div class=\"pantoum sentence6\">\u00d8del\u00e6gger alt hvad der er derinde<\/div>\n<div class=\"pantoum sentence8 next\">Mit t\u00e5rn op i din r\u00f8v.<\/div>\n<\/div>\n<div class=\"pantoumBlock\">\n<div class=\"pantoum sentence7\">Jeg taler mig selv til fornuft<\/div>\n<div class=\"pantoum sentence3\">M\u00e5nen har altid vist os ryggen<\/div>\n<div class=\"pantoum sentence8 next\">Mit t\u00e5rn op i din r\u00f8v.<\/div>\n<div class=\"pantoum sentence1\">I sort dynejakke<\/div>\n<\/div>\n","protected":false},"excerpt":{"rendered":"<p>I sort dynejakke Den skakt der g\u00e5r fra issen og ned M\u00e5nen har altid vist os ryggen N\u00e5r jeg \u00e5bner mit ansigt p\u00e5 dig Den skakt der g\u00e5r fra issen og ned Det er mig I sl\u00e5r ihjel N\u00e5r jeg \u00e5bner mit ansigt p\u00e5 dig \u00d8del\u00e6gger alt hvad der er derinde Det er mig I &hellip; <a href=\"https:\/\/turnonliterature.eu\/dk\/2020\/06\/16\/fuld-af-had-d-16-juni-2020-155143-155314\/\" class=\"more-link\">L\u00e6s mere <span class=\"screen-reader-text\">Fuld af had d. 16. juni 2020, 15:51:43 &#8211; 15:53:14<\/span><\/a><\/p>\n","protected":false},"author":1,"featured_media":0,"comment_status":"closed","ping_status":"open","sticky":false,"template":"","format":"standard","meta":{"footnotes":""},"categories":[1],"tags":[],"class_list":["post-7422","post","type-post","status-publish","format-standard","hentry","category-digte"],"_links":{"self":[{"href":"https:\/\/turnonliterature.eu\/dk\/wp-json\/wp\/v2\/posts\/7422"}],"collection":[{"href":"https:\/\/turnonliterature.eu\/dk\/wp-json\/wp\/v2\/posts"}],"about":[{"href":"https:\/\/turnonliterature.eu\/dk\/wp-json\/wp\/v2\/types\/post"}],"author":[{"embeddable":true,"href":"https:\/\/turnonliterature.eu\/dk\/wp-json\/wp\/v2\/users\/1"}],"replies":[{"embeddable":true,"href":"https:\/\/turnonliterature.eu\/dk\/wp-json\/wp\/v2\/comments?post=7422"}],"version-history":[{"count":1,"href":"https:\/\/turnonliterature.eu\/dk\/wp-json\/wp\/v2\/posts\/7422\/revisions"}],"predecessor-version":[{"id":7423,"href":"https:\/\/turnonliterature.eu\/dk\/wp-json\/wp\/v2\/posts\/7422\/revisions\/7423"}],"wp:attachment":[{"href":"https:\/\/turnonliterature.eu\/dk\/wp-json\/wp\/v2\/media?parent=7422"}],"wp:term":[{"taxonomy":"category","embeddable":true,"href":"https:\/\/turnonliterature.eu\/dk\/wp-json\/wp\/v2\/categories?post=7422"},{"taxonomy":"post_tag","embeddable":true,"href":"https:\/\/turnonliterature.eu\/dk\/wp-json\/wp\/v2\/tags?post=7422"}],"curies":[{"name":"wp","href":"https:\/\/api.w.org\/{rel}","templated":true}]}}