{"id":658,"date":"2018-03-15T14:49:20","date_gmt":"2018-03-15T13:49:20","guid":{"rendered":"http:\/\/turnonliterature.eu\/dk\/?p=658"},"modified":"2018-03-15T14:49:20","modified_gmt":"2018-03-15T13:49:20","slug":"fuld-af-had-d-15-marts-2018-144658-144919","status":"publish","type":"post","link":"https:\/\/turnonliterature.eu\/dk\/2018\/03\/15\/fuld-af-had-d-15-marts-2018-144658-144919\/","title":{"rendered":"Fuld af had d. 15. marts 2018, 14:46:58 &#8211; 14:49:19"},"content":{"rendered":"<div class=\"pantoumBlock\">\n<div class=\"pantoum sentence1\">At tabe og skulle b\u00e6re sit tab<\/div>\n<div class=\"pantoum sentence2\">Vi sk\u00e6rer dem af og stiller dem op<\/div>\n<div class=\"pantoum sentence3\">Vi har lukket os om os selv<\/div>\n<div class=\"pantoum sentence4\">Dette er noget vi ikke kan dele<\/div>\n<\/div>\n<div class=\"pantoumBlock\">\n<div class=\"pantoum sentence2\">Vi sk\u00e6rer dem af og stiller dem op<\/div>\n<div class=\"pantoum sentence5\">Du forveksler mangel med vrede<\/div>\n<div class=\"pantoum sentence4\">Dette er noget vi ikke kan dele<\/div>\n<div class=\"pantoum sentence6\">Det er mig I sl\u00e5r ihjel<\/div>\n<\/div>\n<div class=\"pantoumBlock\">\n<div class=\"pantoum sentence5\">Du forveksler mangel med vrede<\/div>\n<div class=\"pantoum sentence7\">De skal g\u00e5 rundt<\/div>\n<div class=\"pantoum sentence6\">Det er mig I sl\u00e5r ihjel<\/div>\n<div class=\"pantoum sentence8 next\">Vi br\u00e6nder sammen.<\/div>\n<\/div>\n<div class=\"pantoumBlock\">\n<div class=\"pantoum sentence7\">De skal g\u00e5 rundt<\/div>\n<div class=\"pantoum sentence3\">Vi har lukket os om os selv<\/div>\n<div class=\"pantoum sentence8 next\">Vi br\u00e6nder sammen.<\/div>\n<div class=\"pantoum sentence1\">At tabe og skulle b\u00e6re sit tab<\/div>\n<\/div>\n","protected":false},"excerpt":{"rendered":"<p>At tabe og skulle b\u00e6re sit tab Vi sk\u00e6rer dem af og stiller dem op Vi har lukket os om os selv Dette er noget vi ikke kan dele Vi sk\u00e6rer dem af og stiller dem op Du forveksler mangel med vrede Dette er noget vi ikke kan dele Det er mig I sl\u00e5r ihjel &hellip; <a href=\"https:\/\/turnonliterature.eu\/dk\/2018\/03\/15\/fuld-af-had-d-15-marts-2018-144658-144919\/\" class=\"more-link\">L\u00e6s mere <span class=\"screen-reader-text\">Fuld af had d. 15. marts 2018, 14:46:58 &#8211; 14:49:19<\/span><\/a><\/p>\n","protected":false},"author":1,"featured_media":0,"comment_status":"closed","ping_status":"open","sticky":false,"template":"","format":"standard","meta":{"footnotes":""},"categories":[1],"tags":[],"class_list":["post-658","post","type-post","status-publish","format-standard","hentry","category-digte"],"_links":{"self":[{"href":"https:\/\/turnonliterature.eu\/dk\/wp-json\/wp\/v2\/posts\/658"}],"collection":[{"href":"https:\/\/turnonliterature.eu\/dk\/wp-json\/wp\/v2\/posts"}],"about":[{"href":"https:\/\/turnonliterature.eu\/dk\/wp-json\/wp\/v2\/types\/post"}],"author":[{"embeddable":true,"href":"https:\/\/turnonliterature.eu\/dk\/wp-json\/wp\/v2\/users\/1"}],"replies":[{"embeddable":true,"href":"https:\/\/turnonliterature.eu\/dk\/wp-json\/wp\/v2\/comments?post=658"}],"version-history":[{"count":1,"href":"https:\/\/turnonliterature.eu\/dk\/wp-json\/wp\/v2\/posts\/658\/revisions"}],"predecessor-version":[{"id":659,"href":"https:\/\/turnonliterature.eu\/dk\/wp-json\/wp\/v2\/posts\/658\/revisions\/659"}],"wp:attachment":[{"href":"https:\/\/turnonliterature.eu\/dk\/wp-json\/wp\/v2\/media?parent=658"}],"wp:term":[{"taxonomy":"category","embeddable":true,"href":"https:\/\/turnonliterature.eu\/dk\/wp-json\/wp\/v2\/categories?post=658"},{"taxonomy":"post_tag","embeddable":true,"href":"https:\/\/turnonliterature.eu\/dk\/wp-json\/wp\/v2\/tags?post=658"}],"curies":[{"name":"wp","href":"https:\/\/api.w.org\/{rel}","templated":true}]}}