{"id":5952,"date":"2019-09-28T11:14:31","date_gmt":"2019-09-28T09:14:31","guid":{"rendered":"http:\/\/turnonliterature.eu\/dk\/?p=5952"},"modified":"2019-09-28T11:14:31","modified_gmt":"2019-09-28T09:14:31","slug":"fuld-af-spoergsmaal-d-28-september-2019-111337-111430","status":"publish","type":"post","link":"https:\/\/turnonliterature.eu\/dk\/2019\/09\/28\/fuld-af-spoergsmaal-d-28-september-2019-111337-111430\/","title":{"rendered":"Fuld af sp\u00f8rgsm\u00e5l d. 28. september 2019, 11:13:37 &#8211; 11:14:30"},"content":{"rendered":"<div class=\"pantoumBlock\">\n<div class=\"pantoum sentence1\">Ind gennem lejlighedens vinduer<\/div>\n<div class=\"pantoum sentence2\">At v\u00e6re tro overfor nogen<\/div>\n<div class=\"pantoum sentence3\">Du kender dig selv d\u00e5rligt<\/div>\n<div class=\"pantoum sentence4\">Som et st\u00f8d i maven<\/div>\n<\/div>\n<div class=\"pantoumBlock\">\n<div class=\"pantoum sentence2\">At v\u00e6re tro overfor nogen<\/div>\n<div class=\"pantoum sentence5\">Med lyset t\u00e6ndt om natten<\/div>\n<div class=\"pantoum sentence4\">Som et st\u00f8d i maven<\/div>\n<div class=\"pantoum sentence6\">Se det lagt \u00f8de<\/div>\n<\/div>\n<div class=\"pantoumBlock\">\n<div class=\"pantoum sentence5\">Med lyset t\u00e6ndt om natten<\/div>\n<div class=\"pantoum sentence7\">Honning som ogs\u00e5 er d\u00f8dens farve<\/div>\n<div class=\"pantoum sentence6\">Se det lagt \u00f8de<\/div>\n<div class=\"pantoum sentence8 next\">Ikke p\u00e5 huden.<\/div>\n<\/div>\n<div class=\"pantoumBlock\">\n<div class=\"pantoum sentence7\">Honning som ogs\u00e5 er d\u00f8dens farve<\/div>\n<div class=\"pantoum sentence3\">Du kender dig selv d\u00e5rligt<\/div>\n<div class=\"pantoum sentence8 next\">Ikke p\u00e5 huden.<\/div>\n<div class=\"pantoum sentence1\">Ind gennem lejlighedens vinduer<\/div>\n<\/div>\n","protected":false},"excerpt":{"rendered":"<p>Ind gennem lejlighedens vinduer At v\u00e6re tro overfor nogen Du kender dig selv d\u00e5rligt Som et st\u00f8d i maven At v\u00e6re tro overfor nogen Med lyset t\u00e6ndt om natten Som et st\u00f8d i maven Se det lagt \u00f8de Med lyset t\u00e6ndt om natten Honning som ogs\u00e5 er d\u00f8dens farve Se det lagt \u00f8de Ikke p\u00e5 &hellip; <a href=\"https:\/\/turnonliterature.eu\/dk\/2019\/09\/28\/fuld-af-spoergsmaal-d-28-september-2019-111337-111430\/\" class=\"more-link\">L\u00e6s mere <span class=\"screen-reader-text\">Fuld af sp\u00f8rgsm\u00e5l d. 28. september 2019, 11:13:37 &#8211; 11:14:30<\/span><\/a><\/p>\n","protected":false},"author":1,"featured_media":0,"comment_status":"closed","ping_status":"open","sticky":false,"template":"","format":"standard","meta":{"footnotes":""},"categories":[1],"tags":[],"class_list":["post-5952","post","type-post","status-publish","format-standard","hentry","category-digte"],"_links":{"self":[{"href":"https:\/\/turnonliterature.eu\/dk\/wp-json\/wp\/v2\/posts\/5952"}],"collection":[{"href":"https:\/\/turnonliterature.eu\/dk\/wp-json\/wp\/v2\/posts"}],"about":[{"href":"https:\/\/turnonliterature.eu\/dk\/wp-json\/wp\/v2\/types\/post"}],"author":[{"embeddable":true,"href":"https:\/\/turnonliterature.eu\/dk\/wp-json\/wp\/v2\/users\/1"}],"replies":[{"embeddable":true,"href":"https:\/\/turnonliterature.eu\/dk\/wp-json\/wp\/v2\/comments?post=5952"}],"version-history":[{"count":1,"href":"https:\/\/turnonliterature.eu\/dk\/wp-json\/wp\/v2\/posts\/5952\/revisions"}],"predecessor-version":[{"id":5953,"href":"https:\/\/turnonliterature.eu\/dk\/wp-json\/wp\/v2\/posts\/5952\/revisions\/5953"}],"wp:attachment":[{"href":"https:\/\/turnonliterature.eu\/dk\/wp-json\/wp\/v2\/media?parent=5952"}],"wp:term":[{"taxonomy":"category","embeddable":true,"href":"https:\/\/turnonliterature.eu\/dk\/wp-json\/wp\/v2\/categories?post=5952"},{"taxonomy":"post_tag","embeddable":true,"href":"https:\/\/turnonliterature.eu\/dk\/wp-json\/wp\/v2\/tags?post=5952"}],"curies":[{"name":"wp","href":"https:\/\/api.w.org\/{rel}","templated":true}]}}