{"id":5678,"date":"2019-08-22T14:06:24","date_gmt":"2019-08-22T12:06:24","guid":{"rendered":"http:\/\/turnonliterature.eu\/dk\/?p=5678"},"modified":"2019-08-22T14:06:24","modified_gmt":"2019-08-22T12:06:24","slug":"fuld-af-spoergsmaal-d-22-08-19-140317-til-140619","status":"publish","type":"post","link":"https:\/\/turnonliterature.eu\/dk\/2019\/08\/22\/fuld-af-spoergsmaal-d-22-08-19-140317-til-140619\/","title":{"rendered":"Fuld af sp\u00f8rgsm\u00e5l d. 22.08.19 14:03:17 til 14:06:19"},"content":{"rendered":"<div class=\"pantoumBlock\">\n<div class=\"pantoum sentence1\">Mens jeg g\u00e5r hen ad gaden<\/div>\n<div class=\"pantoum sentence2\">Som at eksplodere indeni?<\/div>\n<div class=\"pantoum sentence3\">Jeg f\u00f8des og s\u00e6ttes op p\u00e5 den store moder<\/div>\n<div class=\"pantoum sentence4\">Du er 3. verdenskrig<\/div>\n<\/div>\n<div class=\"pantoumBlock\">\n<div class=\"pantoum sentence2\">Som at eksplodere indeni?<\/div>\n<div class=\"pantoum sentence5\">Jeg vil mangle C-vitamin<\/div>\n<div class=\"pantoum sentence4\">Du er 3. verdenskrig<\/div>\n<div class=\"pantoum sentence6\">Indkapslet og opbevaret?<\/div>\n<\/div>\n<div class=\"pantoumBlock\">\n<div class=\"pantoum sentence5\">Jeg vil mangle C-vitamin<\/div>\n<div class=\"pantoum sentence7\">Vi kan ikke huske det<\/div>\n<div class=\"pantoum sentence6\">Indkapslet og opbevaret?<\/div>\n<div class=\"pantoum sentence8 next\">Vandet opstiller spejle for mennesket.<\/div>\n<\/div>\n<div class=\"pantoumBlock\">\n<div class=\"pantoum sentence7\">Vi kan ikke huske det<\/div>\n<div class=\"pantoum sentence3\">Jeg f\u00f8des og s\u00e6ttes op p\u00e5 den store moder<\/div>\n<div class=\"pantoum sentence8 next\">Vandet opstiller spejle for mennesket.<\/div>\n<div class=\"pantoum sentence1\">Mens jeg g\u00e5r hen ad gaden<\/div>\n<\/div>\n","protected":false},"excerpt":{"rendered":"<p>Mens jeg g\u00e5r hen ad gaden Som at eksplodere indeni? Jeg f\u00f8des og s\u00e6ttes op p\u00e5 den store moder Du er 3. verdenskrig Som at eksplodere indeni? Jeg vil mangle C-vitamin Du er 3. verdenskrig Indkapslet og opbevaret? Jeg vil mangle C-vitamin Vi kan ikke huske det Indkapslet og opbevaret? Vandet opstiller spejle for mennesket. &hellip; <a href=\"https:\/\/turnonliterature.eu\/dk\/2019\/08\/22\/fuld-af-spoergsmaal-d-22-08-19-140317-til-140619\/\" class=\"more-link\">L\u00e6s mere <span class=\"screen-reader-text\">Fuld af sp\u00f8rgsm\u00e5l d. 22.08.19 14:03:17 til 14:06:19<\/span><\/a><\/p>\n","protected":false},"author":1,"featured_media":0,"comment_status":"closed","ping_status":"open","sticky":false,"template":"","format":"standard","meta":{"footnotes":""},"categories":[1],"tags":[],"class_list":["post-5678","post","type-post","status-publish","format-standard","hentry","category-digte"],"_links":{"self":[{"href":"https:\/\/turnonliterature.eu\/dk\/wp-json\/wp\/v2\/posts\/5678"}],"collection":[{"href":"https:\/\/turnonliterature.eu\/dk\/wp-json\/wp\/v2\/posts"}],"about":[{"href":"https:\/\/turnonliterature.eu\/dk\/wp-json\/wp\/v2\/types\/post"}],"author":[{"embeddable":true,"href":"https:\/\/turnonliterature.eu\/dk\/wp-json\/wp\/v2\/users\/1"}],"replies":[{"embeddable":true,"href":"https:\/\/turnonliterature.eu\/dk\/wp-json\/wp\/v2\/comments?post=5678"}],"version-history":[{"count":1,"href":"https:\/\/turnonliterature.eu\/dk\/wp-json\/wp\/v2\/posts\/5678\/revisions"}],"predecessor-version":[{"id":5679,"href":"https:\/\/turnonliterature.eu\/dk\/wp-json\/wp\/v2\/posts\/5678\/revisions\/5679"}],"wp:attachment":[{"href":"https:\/\/turnonliterature.eu\/dk\/wp-json\/wp\/v2\/media?parent=5678"}],"wp:term":[{"taxonomy":"category","embeddable":true,"href":"https:\/\/turnonliterature.eu\/dk\/wp-json\/wp\/v2\/categories?post=5678"},{"taxonomy":"post_tag","embeddable":true,"href":"https:\/\/turnonliterature.eu\/dk\/wp-json\/wp\/v2\/tags?post=5678"}],"curies":[{"name":"wp","href":"https:\/\/api.w.org\/{rel}","templated":true}]}}