{"id":3918,"date":"2019-02-27T10:20:34","date_gmt":"2019-02-27T09:20:34","guid":{"rendered":"http:\/\/turnonliterature.eu\/dk\/?p=3918"},"modified":"2019-02-27T10:20:34","modified_gmt":"2019-02-27T09:20:34","slug":"fuld-af-had-d-27-02-19-101944-til-102033","status":"publish","type":"post","link":"https:\/\/turnonliterature.eu\/dk\/2019\/02\/27\/fuld-af-had-d-27-02-19-101944-til-102033\/","title":{"rendered":"Fuld af had d. 27.02.19 10:19:44 til 10:20:33"},"content":{"rendered":"<div class=\"pantoumBlock\">\n<div class=\"pantoum sentence1\">Hvad skal det g\u00f8re godt for?<\/div>\n<div class=\"pantoum sentence2\">Lige s\u00e5 tydeligt som f\u00f8r<\/div>\n<div class=\"pantoum sentence3\">Vandet skal gennemtr\u00e6nge det<\/div>\n<div class=\"pantoum sentence4\">Selvet er en monolit<\/div>\n<\/div>\n<div class=\"pantoumBlock\">\n<div class=\"pantoum sentence2\">Lige s\u00e5 tydeligt som f\u00f8r<\/div>\n<div class=\"pantoum sentence5\">Vi vil ikke vide det<\/div>\n<div class=\"pantoum sentence4\">Selvet er en monolit<\/div>\n<div class=\"pantoum sentence6\">Dette er noget jeg ikke kan dele<\/div>\n<\/div>\n<div class=\"pantoumBlock\">\n<div class=\"pantoum sentence5\">Vi vil ikke vide det<\/div>\n<div class=\"pantoum sentence7\">Vreden er en protese<\/div>\n<div class=\"pantoum sentence6\">Dette er noget jeg ikke kan dele<\/div>\n<div class=\"pantoum sentence8 next\">At \u00e5bne det v\u00e6rste i folk.<\/div>\n<\/div>\n<div class=\"pantoumBlock\">\n<div class=\"pantoum sentence7\">Vreden er en protese<\/div>\n<div class=\"pantoum sentence3\">Vandet skal gennemtr\u00e6nge det<\/div>\n<div class=\"pantoum sentence8 next\">At \u00e5bne det v\u00e6rste i folk.<\/div>\n<div class=\"pantoum sentence1\">Hvad skal det g\u00f8re godt for?<\/div>\n<\/div>\n","protected":false},"excerpt":{"rendered":"<p>Hvad skal det g\u00f8re godt for? Lige s\u00e5 tydeligt som f\u00f8r Vandet skal gennemtr\u00e6nge det Selvet er en monolit Lige s\u00e5 tydeligt som f\u00f8r Vi vil ikke vide det Selvet er en monolit Dette er noget jeg ikke kan dele Vi vil ikke vide det Vreden er en protese Dette er noget jeg ikke kan &hellip; <a href=\"https:\/\/turnonliterature.eu\/dk\/2019\/02\/27\/fuld-af-had-d-27-02-19-101944-til-102033\/\" class=\"more-link\">L\u00e6s mere <span class=\"screen-reader-text\">Fuld af had d. 27.02.19 10:19:44 til 10:20:33<\/span><\/a><\/p>\n","protected":false},"author":1,"featured_media":0,"comment_status":"closed","ping_status":"open","sticky":false,"template":"","format":"standard","meta":{"footnotes":""},"categories":[1],"tags":[],"class_list":["post-3918","post","type-post","status-publish","format-standard","hentry","category-digte"],"_links":{"self":[{"href":"https:\/\/turnonliterature.eu\/dk\/wp-json\/wp\/v2\/posts\/3918"}],"collection":[{"href":"https:\/\/turnonliterature.eu\/dk\/wp-json\/wp\/v2\/posts"}],"about":[{"href":"https:\/\/turnonliterature.eu\/dk\/wp-json\/wp\/v2\/types\/post"}],"author":[{"embeddable":true,"href":"https:\/\/turnonliterature.eu\/dk\/wp-json\/wp\/v2\/users\/1"}],"replies":[{"embeddable":true,"href":"https:\/\/turnonliterature.eu\/dk\/wp-json\/wp\/v2\/comments?post=3918"}],"version-history":[{"count":1,"href":"https:\/\/turnonliterature.eu\/dk\/wp-json\/wp\/v2\/posts\/3918\/revisions"}],"predecessor-version":[{"id":3919,"href":"https:\/\/turnonliterature.eu\/dk\/wp-json\/wp\/v2\/posts\/3918\/revisions\/3919"}],"wp:attachment":[{"href":"https:\/\/turnonliterature.eu\/dk\/wp-json\/wp\/v2\/media?parent=3918"}],"wp:term":[{"taxonomy":"category","embeddable":true,"href":"https:\/\/turnonliterature.eu\/dk\/wp-json\/wp\/v2\/categories?post=3918"},{"taxonomy":"post_tag","embeddable":true,"href":"https:\/\/turnonliterature.eu\/dk\/wp-json\/wp\/v2\/tags?post=3918"}],"curies":[{"name":"wp","href":"https:\/\/api.w.org\/{rel}","templated":true}]}}