{"id":3798,"date":"2019-02-17T12:24:40","date_gmt":"2019-02-17T11:24:40","guid":{"rendered":"http:\/\/turnonliterature.eu\/dk\/?p=3798"},"modified":"2019-02-17T12:24:40","modified_gmt":"2019-02-17T11:24:40","slug":"fuld-af-had-d-17-februar-2019-122346-122440","status":"publish","type":"post","link":"https:\/\/turnonliterature.eu\/dk\/2019\/02\/17\/fuld-af-had-d-17-februar-2019-122346-122440\/","title":{"rendered":"Fuld af had d. 17. februar 2019, 12:23:46 &#8211; 12:24:40"},"content":{"rendered":"<div class=\"pantoumBlock\">\n<div class=\"pantoum sentence1\">Ingen skal kalde mig kompromisl\u00f8s<\/div>\n<div class=\"pantoum sentence2\">Gadelampernes perlek\u00e6de gennem byen<\/div>\n<div class=\"pantoum sentence3\">Kun v\u00e6re tro imod det skjulte<\/div>\n<div class=\"pantoum sentence4\">Der er noget galt med mine f\u00f8lelser<\/div>\n<\/div>\n<div class=\"pantoumBlock\">\n<div class=\"pantoum sentence2\">Gadelampernes perlek\u00e6de gennem byen<\/div>\n<div class=\"pantoum sentence5\">Dit liv er i mine h\u00e6nder<\/div>\n<div class=\"pantoum sentence4\">Der er noget galt med mine f\u00f8lelser<\/div>\n<div class=\"pantoum sentence6\">Nyere og nyere<\/div>\n<\/div>\n<div class=\"pantoumBlock\">\n<div class=\"pantoum sentence5\">Dit liv er i mine h\u00e6nder<\/div>\n<div class=\"pantoum sentence7\">Det spektakul\u00e6re glimt p\u00e5 himlen<\/div>\n<div class=\"pantoum sentence6\">Nyere og nyere<\/div>\n<div class=\"pantoum sentence8 next\">De f\u00f8des og s\u00e6tter k\u00e6der p\u00e5<\/div>\n<\/div>\n<div class=\"pantoumBlock\">\n<div class=\"pantoum sentence7\">Det spektakul\u00e6re glimt p\u00e5 himlen<\/div>\n<div class=\"pantoum sentence3\">Kun v\u00e6re tro imod det skjulte<\/div>\n<div class=\"pantoum sentence8 next\">De f\u00f8des og s\u00e6tter k\u00e6der p\u00e5<\/div>\n<div class=\"pantoum sentence1\">Ingen skal kalde mig kompromisl\u00f8s<\/div>\n<\/div>\n","protected":false},"excerpt":{"rendered":"<p>Ingen skal kalde mig kompromisl\u00f8s Gadelampernes perlek\u00e6de gennem byen Kun v\u00e6re tro imod det skjulte Der er noget galt med mine f\u00f8lelser Gadelampernes perlek\u00e6de gennem byen Dit liv er i mine h\u00e6nder Der er noget galt med mine f\u00f8lelser Nyere og nyere Dit liv er i mine h\u00e6nder Det spektakul\u00e6re glimt p\u00e5 himlen Nyere og &hellip; <a href=\"https:\/\/turnonliterature.eu\/dk\/2019\/02\/17\/fuld-af-had-d-17-februar-2019-122346-122440\/\" class=\"more-link\">L\u00e6s mere <span class=\"screen-reader-text\">Fuld af had d. 17. februar 2019, 12:23:46 &#8211; 12:24:40<\/span><\/a><\/p>\n","protected":false},"author":1,"featured_media":0,"comment_status":"closed","ping_status":"open","sticky":false,"template":"","format":"standard","meta":{"footnotes":""},"categories":[1],"tags":[],"class_list":["post-3798","post","type-post","status-publish","format-standard","hentry","category-digte"],"_links":{"self":[{"href":"https:\/\/turnonliterature.eu\/dk\/wp-json\/wp\/v2\/posts\/3798"}],"collection":[{"href":"https:\/\/turnonliterature.eu\/dk\/wp-json\/wp\/v2\/posts"}],"about":[{"href":"https:\/\/turnonliterature.eu\/dk\/wp-json\/wp\/v2\/types\/post"}],"author":[{"embeddable":true,"href":"https:\/\/turnonliterature.eu\/dk\/wp-json\/wp\/v2\/users\/1"}],"replies":[{"embeddable":true,"href":"https:\/\/turnonliterature.eu\/dk\/wp-json\/wp\/v2\/comments?post=3798"}],"version-history":[{"count":1,"href":"https:\/\/turnonliterature.eu\/dk\/wp-json\/wp\/v2\/posts\/3798\/revisions"}],"predecessor-version":[{"id":3799,"href":"https:\/\/turnonliterature.eu\/dk\/wp-json\/wp\/v2\/posts\/3798\/revisions\/3799"}],"wp:attachment":[{"href":"https:\/\/turnonliterature.eu\/dk\/wp-json\/wp\/v2\/media?parent=3798"}],"wp:term":[{"taxonomy":"category","embeddable":true,"href":"https:\/\/turnonliterature.eu\/dk\/wp-json\/wp\/v2\/categories?post=3798"},{"taxonomy":"post_tag","embeddable":true,"href":"https:\/\/turnonliterature.eu\/dk\/wp-json\/wp\/v2\/tags?post=3798"}],"curies":[{"name":"wp","href":"https:\/\/api.w.org\/{rel}","templated":true}]}}