{"id":3330,"date":"2019-01-19T12:30:15","date_gmt":"2019-01-19T11:30:15","guid":{"rendered":"http:\/\/turnonliterature.eu\/dk\/?p=3330"},"modified":"2019-01-19T12:30:15","modified_gmt":"2019-01-19T11:30:15","slug":"fuld-af-had-d-19-01-19-122759-til-123018","status":"publish","type":"post","link":"https:\/\/turnonliterature.eu\/dk\/2019\/01\/19\/fuld-af-had-d-19-01-19-122759-til-123018\/","title":{"rendered":"Fuld af had d. 19.01.19 12:27:59 til 12:30:18"},"content":{"rendered":"<div class=\"pantoumBlock\">\n<div class=\"pantoum sentence1\">Det angriber bredt<\/div>\n<div class=\"pantoum sentence2\">Du har lukket dig om dig selv<\/div>\n<div class=\"pantoum sentence3\">Jeg bliver h\u00e5rd af l\u00e6ngsel<\/div>\n<div class=\"pantoum sentence4\">Jeg k\u00f8ber alle appelsiner i verden<\/div>\n<\/div>\n<div class=\"pantoumBlock\">\n<div class=\"pantoum sentence2\">Du har lukket dig om dig selv<\/div>\n<div class=\"pantoum sentence5\">Vi kan ikke huske det<\/div>\n<div class=\"pantoum sentence4\">Jeg k\u00f8ber alle appelsiner i verden<\/div>\n<div class=\"pantoum sentence6\">Du g\u00e5r i den gule skov<\/div>\n<\/div>\n<div class=\"pantoumBlock\">\n<div class=\"pantoum sentence5\">Vi kan ikke huske det<\/div>\n<div class=\"pantoum sentence7\">Den tunnel der g\u00e5r fra issen og ned<\/div>\n<div class=\"pantoum sentence6\">Du g\u00e5r i den gule skov<\/div>\n<div class=\"pantoum sentence8 next\">Jeg er en g\u00e5de.<\/div>\n<\/div>\n<div class=\"pantoumBlock\">\n<div class=\"pantoum sentence7\">Den tunnel der g\u00e5r fra issen og ned<\/div>\n<div class=\"pantoum sentence3\">Jeg bliver h\u00e5rd af l\u00e6ngsel<\/div>\n<div class=\"pantoum sentence8 next\">Jeg er en g\u00e5de.<\/div>\n<div class=\"pantoum sentence1\">Det angriber bredt<\/div>\n<\/div>\n","protected":false},"excerpt":{"rendered":"<p>Det angriber bredt Du har lukket dig om dig selv Jeg bliver h\u00e5rd af l\u00e6ngsel Jeg k\u00f8ber alle appelsiner i verden Du har lukket dig om dig selv Vi kan ikke huske det Jeg k\u00f8ber alle appelsiner i verden Du g\u00e5r i den gule skov Vi kan ikke huske det Den tunnel der g\u00e5r fra &hellip; <a href=\"https:\/\/turnonliterature.eu\/dk\/2019\/01\/19\/fuld-af-had-d-19-01-19-122759-til-123018\/\" class=\"more-link\">L\u00e6s mere <span class=\"screen-reader-text\">Fuld af had d. 19.01.19 12:27:59 til 12:30:18<\/span><\/a><\/p>\n","protected":false},"author":1,"featured_media":0,"comment_status":"closed","ping_status":"open","sticky":false,"template":"","format":"standard","meta":{"footnotes":""},"categories":[1],"tags":[],"class_list":["post-3330","post","type-post","status-publish","format-standard","hentry","category-digte"],"_links":{"self":[{"href":"https:\/\/turnonliterature.eu\/dk\/wp-json\/wp\/v2\/posts\/3330"}],"collection":[{"href":"https:\/\/turnonliterature.eu\/dk\/wp-json\/wp\/v2\/posts"}],"about":[{"href":"https:\/\/turnonliterature.eu\/dk\/wp-json\/wp\/v2\/types\/post"}],"author":[{"embeddable":true,"href":"https:\/\/turnonliterature.eu\/dk\/wp-json\/wp\/v2\/users\/1"}],"replies":[{"embeddable":true,"href":"https:\/\/turnonliterature.eu\/dk\/wp-json\/wp\/v2\/comments?post=3330"}],"version-history":[{"count":1,"href":"https:\/\/turnonliterature.eu\/dk\/wp-json\/wp\/v2\/posts\/3330\/revisions"}],"predecessor-version":[{"id":3331,"href":"https:\/\/turnonliterature.eu\/dk\/wp-json\/wp\/v2\/posts\/3330\/revisions\/3331"}],"wp:attachment":[{"href":"https:\/\/turnonliterature.eu\/dk\/wp-json\/wp\/v2\/media?parent=3330"}],"wp:term":[{"taxonomy":"category","embeddable":true,"href":"https:\/\/turnonliterature.eu\/dk\/wp-json\/wp\/v2\/categories?post=3330"},{"taxonomy":"post_tag","embeddable":true,"href":"https:\/\/turnonliterature.eu\/dk\/wp-json\/wp\/v2\/tags?post=3330"}],"curies":[{"name":"wp","href":"https:\/\/api.w.org\/{rel}","templated":true}]}}