{"id":3028,"date":"2019-01-09T17:28:03","date_gmt":"2019-01-09T16:28:03","guid":{"rendered":"http:\/\/turnonliterature.eu\/dk\/?p=3028"},"modified":"2019-01-09T17:28:03","modified_gmt":"2019-01-09T16:28:03","slug":"fuld-af-had-d-9-01-19-172711-til-172802","status":"publish","type":"post","link":"https:\/\/turnonliterature.eu\/dk\/2019\/01\/09\/fuld-af-had-d-9-01-19-172711-til-172802\/","title":{"rendered":"Fuld af had d. 9.01.19 17:27:11 til 17:28:02"},"content":{"rendered":"<div class=\"pantoumBlock\">\n<div class=\"pantoum sentence1\">Et lyst hjerte vendt p\u00e5 vrangen<\/div>\n<div class=\"pantoum sentence2\">Jeg vil br\u00e6kke nakken p\u00e5 dem<\/div>\n<div class=\"pantoum sentence3\">Vreden er en protese<\/div>\n<div class=\"pantoum sentence4\">Mit t\u00e5rn op i din r\u00f8v<\/div>\n<\/div>\n<div class=\"pantoumBlock\">\n<div class=\"pantoum sentence2\">Jeg vil br\u00e6kke nakken p\u00e5 dem<\/div>\n<div class=\"pantoum sentence5\">S\u00e5 kan man ikke tvinge \u00f8jnene til noget<\/div>\n<div class=\"pantoum sentence4\">Mit t\u00e5rn op i din r\u00f8v<\/div>\n<div class=\"pantoum sentence6\">Vreden er en protese<\/div>\n<\/div>\n<div class=\"pantoumBlock\">\n<div class=\"pantoum sentence5\">S\u00e5 kan man ikke tvinge \u00f8jnene til noget<\/div>\n<div class=\"pantoum sentence7\">Vreden er en protese<\/div>\n<div class=\"pantoum sentence6\">Vreden er en protese<\/div>\n<div class=\"pantoum sentence8 next\">Kan jeg bruge det?<\/div>\n<\/div>\n<div class=\"pantoumBlock\">\n<div class=\"pantoum sentence7\">Vreden er en protese<\/div>\n<div class=\"pantoum sentence3\">Vreden er en protese<\/div>\n<div class=\"pantoum sentence8 next\">Kan jeg bruge det?<\/div>\n<div class=\"pantoum sentence1\">Et lyst hjerte vendt p\u00e5 vrangen<\/div>\n<\/div>\n","protected":false},"excerpt":{"rendered":"<p>Et lyst hjerte vendt p\u00e5 vrangen Jeg vil br\u00e6kke nakken p\u00e5 dem Vreden er en protese Mit t\u00e5rn op i din r\u00f8v Jeg vil br\u00e6kke nakken p\u00e5 dem S\u00e5 kan man ikke tvinge \u00f8jnene til noget Mit t\u00e5rn op i din r\u00f8v Vreden er en protese S\u00e5 kan man ikke tvinge \u00f8jnene til noget Vreden &hellip; <a href=\"https:\/\/turnonliterature.eu\/dk\/2019\/01\/09\/fuld-af-had-d-9-01-19-172711-til-172802\/\" class=\"more-link\">L\u00e6s mere <span class=\"screen-reader-text\">Fuld af had d. 9.01.19 17:27:11 til 17:28:02<\/span><\/a><\/p>\n","protected":false},"author":1,"featured_media":0,"comment_status":"closed","ping_status":"open","sticky":false,"template":"","format":"standard","meta":{"footnotes":""},"categories":[1],"tags":[],"class_list":["post-3028","post","type-post","status-publish","format-standard","hentry","category-digte"],"_links":{"self":[{"href":"https:\/\/turnonliterature.eu\/dk\/wp-json\/wp\/v2\/posts\/3028"}],"collection":[{"href":"https:\/\/turnonliterature.eu\/dk\/wp-json\/wp\/v2\/posts"}],"about":[{"href":"https:\/\/turnonliterature.eu\/dk\/wp-json\/wp\/v2\/types\/post"}],"author":[{"embeddable":true,"href":"https:\/\/turnonliterature.eu\/dk\/wp-json\/wp\/v2\/users\/1"}],"replies":[{"embeddable":true,"href":"https:\/\/turnonliterature.eu\/dk\/wp-json\/wp\/v2\/comments?post=3028"}],"version-history":[{"count":1,"href":"https:\/\/turnonliterature.eu\/dk\/wp-json\/wp\/v2\/posts\/3028\/revisions"}],"predecessor-version":[{"id":3029,"href":"https:\/\/turnonliterature.eu\/dk\/wp-json\/wp\/v2\/posts\/3028\/revisions\/3029"}],"wp:attachment":[{"href":"https:\/\/turnonliterature.eu\/dk\/wp-json\/wp\/v2\/media?parent=3028"}],"wp:term":[{"taxonomy":"category","embeddable":true,"href":"https:\/\/turnonliterature.eu\/dk\/wp-json\/wp\/v2\/categories?post=3028"},{"taxonomy":"post_tag","embeddable":true,"href":"https:\/\/turnonliterature.eu\/dk\/wp-json\/wp\/v2\/tags?post=3028"}],"curies":[{"name":"wp","href":"https:\/\/api.w.org\/{rel}","templated":true}]}}