{"id":2822,"date":"2018-11-30T16:05:59","date_gmt":"2018-11-30T15:05:59","guid":{"rendered":"http:\/\/turnonliterature.eu\/dk\/?p=2822"},"modified":"2018-11-30T16:05:59","modified_gmt":"2018-11-30T15:05:59","slug":"fuld-af-had-d-30-november-2018-160416-160559","status":"publish","type":"post","link":"https:\/\/turnonliterature.eu\/dk\/2018\/11\/30\/fuld-af-had-d-30-november-2018-160416-160559\/","title":{"rendered":"Fuld af had d. 30. november 2018, 16:04:16 &#8211; 16:05:59"},"content":{"rendered":"<div class=\"pantoumBlock\">\n<div class=\"pantoum sentence1\">\u00c5nden er det skidt der skal vaskes af<\/div>\n<div class=\"pantoum sentence2\">Som at eksplodere indeni<\/div>\n<div class=\"pantoum sentence3\">Jeg er ikke til stede i min krop<\/div>\n<div class=\"pantoum sentence4\">At forveksle mangel med vrede<\/div>\n<\/div>\n<div class=\"pantoumBlock\">\n<div class=\"pantoum sentence2\">Som at eksplodere indeni<\/div>\n<div class=\"pantoum sentence5\">Inden du d\u00f8r<\/div>\n<div class=\"pantoum sentence4\">At forveksle mangel med vrede<\/div>\n<div class=\"pantoum sentence6\">N\u00e5r jeg er d\u00f8d vil jeg endelig sige alt<\/div>\n<\/div>\n<div class=\"pantoumBlock\">\n<div class=\"pantoum sentence5\">Inden du d\u00f8r<\/div>\n<div class=\"pantoum sentence7\">Det er mig I sl\u00e5r ihjel<\/div>\n<div class=\"pantoum sentence6\">N\u00e5r jeg er d\u00f8d vil jeg endelig sige alt<\/div>\n<div class=\"pantoum sentence8 next\">Vreden er en protese.<\/div>\n<\/div>\n<div class=\"pantoumBlock\">\n<div class=\"pantoum sentence7\">Det er mig I sl\u00e5r ihjel<\/div>\n<div class=\"pantoum sentence3\">Jeg er ikke til stede i min krop<\/div>\n<div class=\"pantoum sentence8 next\">Vreden er en protese.<\/div>\n<div class=\"pantoum sentence1\">\u00c5nden er det skidt der skal vaskes af<\/div>\n<\/div>\n","protected":false},"excerpt":{"rendered":"<p>\u00c5nden er det skidt der skal vaskes af Som at eksplodere indeni Jeg er ikke til stede i min krop At forveksle mangel med vrede Som at eksplodere indeni Inden du d\u00f8r At forveksle mangel med vrede N\u00e5r jeg er d\u00f8d vil jeg endelig sige alt Inden du d\u00f8r Det er mig I sl\u00e5r ihjel &hellip; <a href=\"https:\/\/turnonliterature.eu\/dk\/2018\/11\/30\/fuld-af-had-d-30-november-2018-160416-160559\/\" class=\"more-link\">L\u00e6s mere <span class=\"screen-reader-text\">Fuld af had d. 30. november 2018, 16:04:16 &#8211; 16:05:59<\/span><\/a><\/p>\n","protected":false},"author":1,"featured_media":0,"comment_status":"closed","ping_status":"open","sticky":false,"template":"","format":"standard","meta":{"footnotes":""},"categories":[1],"tags":[],"class_list":["post-2822","post","type-post","status-publish","format-standard","hentry","category-digte"],"_links":{"self":[{"href":"https:\/\/turnonliterature.eu\/dk\/wp-json\/wp\/v2\/posts\/2822"}],"collection":[{"href":"https:\/\/turnonliterature.eu\/dk\/wp-json\/wp\/v2\/posts"}],"about":[{"href":"https:\/\/turnonliterature.eu\/dk\/wp-json\/wp\/v2\/types\/post"}],"author":[{"embeddable":true,"href":"https:\/\/turnonliterature.eu\/dk\/wp-json\/wp\/v2\/users\/1"}],"replies":[{"embeddable":true,"href":"https:\/\/turnonliterature.eu\/dk\/wp-json\/wp\/v2\/comments?post=2822"}],"version-history":[{"count":1,"href":"https:\/\/turnonliterature.eu\/dk\/wp-json\/wp\/v2\/posts\/2822\/revisions"}],"predecessor-version":[{"id":2823,"href":"https:\/\/turnonliterature.eu\/dk\/wp-json\/wp\/v2\/posts\/2822\/revisions\/2823"}],"wp:attachment":[{"href":"https:\/\/turnonliterature.eu\/dk\/wp-json\/wp\/v2\/media?parent=2822"}],"wp:term":[{"taxonomy":"category","embeddable":true,"href":"https:\/\/turnonliterature.eu\/dk\/wp-json\/wp\/v2\/categories?post=2822"},{"taxonomy":"post_tag","embeddable":true,"href":"https:\/\/turnonliterature.eu\/dk\/wp-json\/wp\/v2\/tags?post=2822"}],"curies":[{"name":"wp","href":"https:\/\/api.w.org\/{rel}","templated":true}]}}