{"id":2706,"date":"2018-11-23T11:45:14","date_gmt":"2018-11-23T10:45:14","guid":{"rendered":"http:\/\/turnonliterature.eu\/dk\/?p=2706"},"modified":"2018-11-23T11:45:14","modified_gmt":"2018-11-23T10:45:14","slug":"fuld-af-had-d-23-11-18-114252-til-114532","status":"publish","type":"post","link":"https:\/\/turnonliterature.eu\/dk\/2018\/11\/23\/fuld-af-had-d-23-11-18-114252-til-114532\/","title":{"rendered":"Fuld af had d. 23.11.18 11:42:52 til 11:45:32"},"content":{"rendered":"<div class=\"pantoumBlock\">\n<div class=\"pantoum sentence1\">Jeg vil tr\u00e6kke det gennem s\u00f8let<\/div>\n<div class=\"pantoum sentence2\">Mit fjerne indre, det er kernen i mig<\/div>\n<div class=\"pantoum sentence3\">Min ur\u00f8rlighed, det er kernen i mig<\/div>\n<div class=\"pantoum sentence4\">Skriget inde i mennesket<\/div>\n<\/div>\n<div class=\"pantoumBlock\">\n<div class=\"pantoum sentence2\">Mit fjerne indre, det er kernen i mig<\/div>\n<div class=\"pantoum sentence5\">F\u00f8r du selv ved af det<\/div>\n<div class=\"pantoum sentence4\">Skriget inde i mennesket<\/div>\n<div class=\"pantoum sentence6\">N\u00e5r jeg \u00e5bner mit ansigt p\u00e5 dig<\/div>\n<\/div>\n<div class=\"pantoumBlock\">\n<div class=\"pantoum sentence5\">F\u00f8r du selv ved af det<\/div>\n<div class=\"pantoum sentence7\">Det her er mine benh\u00e5rde illusioner<\/div>\n<div class=\"pantoum sentence6\">N\u00e5r jeg \u00e5bner mit ansigt p\u00e5 dig<\/div>\n<div class=\"pantoum sentence8 next\">At jeg ikke forst\u00e5r hvad der er p\u00e5 vej.<\/div>\n<\/div>\n<div class=\"pantoumBlock\">\n<div class=\"pantoum sentence7\">Det her er mine benh\u00e5rde illusioner<\/div>\n<div class=\"pantoum sentence3\">Min ur\u00f8rlighed, det er kernen i mig<\/div>\n<div class=\"pantoum sentence8 next\">At jeg ikke forst\u00e5r hvad der er p\u00e5 vej.<\/div>\n<div class=\"pantoum sentence1\">Jeg vil tr\u00e6kke det gennem s\u00f8let<\/div>\n<\/div>\n","protected":false},"excerpt":{"rendered":"<p>Jeg vil tr\u00e6kke det gennem s\u00f8let Mit fjerne indre, det er kernen i mig Min ur\u00f8rlighed, det er kernen i mig Skriget inde i mennesket Mit fjerne indre, det er kernen i mig F\u00f8r du selv ved af det Skriget inde i mennesket N\u00e5r jeg \u00e5bner mit ansigt p\u00e5 dig F\u00f8r du selv ved af &hellip; <a href=\"https:\/\/turnonliterature.eu\/dk\/2018\/11\/23\/fuld-af-had-d-23-11-18-114252-til-114532\/\" class=\"more-link\">L\u00e6s mere <span class=\"screen-reader-text\">Fuld af had d. 23.11.18 11:42:52 til 11:45:32<\/span><\/a><\/p>\n","protected":false},"author":1,"featured_media":0,"comment_status":"closed","ping_status":"open","sticky":false,"template":"","format":"standard","meta":{"footnotes":""},"categories":[1],"tags":[],"class_list":["post-2706","post","type-post","status-publish","format-standard","hentry","category-digte"],"_links":{"self":[{"href":"https:\/\/turnonliterature.eu\/dk\/wp-json\/wp\/v2\/posts\/2706"}],"collection":[{"href":"https:\/\/turnonliterature.eu\/dk\/wp-json\/wp\/v2\/posts"}],"about":[{"href":"https:\/\/turnonliterature.eu\/dk\/wp-json\/wp\/v2\/types\/post"}],"author":[{"embeddable":true,"href":"https:\/\/turnonliterature.eu\/dk\/wp-json\/wp\/v2\/users\/1"}],"replies":[{"embeddable":true,"href":"https:\/\/turnonliterature.eu\/dk\/wp-json\/wp\/v2\/comments?post=2706"}],"version-history":[{"count":1,"href":"https:\/\/turnonliterature.eu\/dk\/wp-json\/wp\/v2\/posts\/2706\/revisions"}],"predecessor-version":[{"id":2707,"href":"https:\/\/turnonliterature.eu\/dk\/wp-json\/wp\/v2\/posts\/2706\/revisions\/2707"}],"wp:attachment":[{"href":"https:\/\/turnonliterature.eu\/dk\/wp-json\/wp\/v2\/media?parent=2706"}],"wp:term":[{"taxonomy":"category","embeddable":true,"href":"https:\/\/turnonliterature.eu\/dk\/wp-json\/wp\/v2\/categories?post=2706"},{"taxonomy":"post_tag","embeddable":true,"href":"https:\/\/turnonliterature.eu\/dk\/wp-json\/wp\/v2\/tags?post=2706"}],"curies":[{"name":"wp","href":"https:\/\/api.w.org\/{rel}","templated":true}]}}