{"id":2578,"date":"2018-11-14T17:20:00","date_gmt":"2018-11-14T16:20:00","guid":{"rendered":"http:\/\/turnonliterature.eu\/dk\/?p=2578"},"modified":"2018-11-14T17:20:00","modified_gmt":"2018-11-14T16:20:00","slug":"fuld-af-had-d-14-11-18-171842-til-172001","status":"publish","type":"post","link":"https:\/\/turnonliterature.eu\/dk\/2018\/11\/14\/fuld-af-had-d-14-11-18-171842-til-172001\/","title":{"rendered":"Fuld af had d. 14.11.18 17:18:42 til 17:20:01"},"content":{"rendered":"<div class=\"pantoumBlock\">\n<div class=\"pantoum sentence1\">Det er ikke den f\u00f8lelsesm\u00e6ssige tilstand<\/div>\n<div class=\"pantoum sentence2\">Her skal jeg trille<\/div>\n<div class=\"pantoum sentence3\">Ikke det st\u00f8rknede menneske<\/div>\n<div class=\"pantoum sentence4\">F\u00f8r du selv ved af det<\/div>\n<\/div>\n<div class=\"pantoumBlock\">\n<div class=\"pantoum sentence2\">Her skal jeg trille<\/div>\n<div class=\"pantoum sentence5\">Det er ikke normalt<\/div>\n<div class=\"pantoum sentence4\">F\u00f8r du selv ved af det<\/div>\n<div class=\"pantoum sentence6\">Jeg vil kun tale med mig selv<\/div>\n<\/div>\n<div class=\"pantoumBlock\">\n<div class=\"pantoum sentence5\">Det er ikke normalt<\/div>\n<div class=\"pantoum sentence7\">Jeg har sk\u00e5ret sorgen af<\/div>\n<div class=\"pantoum sentence6\">Jeg vil kun tale med mig selv<\/div>\n<div class=\"pantoum sentence8 next\">Kroppen skal renses v\u00e6k fra \u00e5nden.<\/div>\n<\/div>\n<div class=\"pantoumBlock\">\n<div class=\"pantoum sentence7\">Jeg har sk\u00e5ret sorgen af<\/div>\n<div class=\"pantoum sentence3\">Ikke det st\u00f8rknede menneske<\/div>\n<div class=\"pantoum sentence8 next\">Kroppen skal renses v\u00e6k fra \u00e5nden.<\/div>\n<div class=\"pantoum sentence1\">Det er ikke den f\u00f8lelsesm\u00e6ssige tilstand<\/div>\n<\/div>\n","protected":false},"excerpt":{"rendered":"<p>Det er ikke den f\u00f8lelsesm\u00e6ssige tilstand Her skal jeg trille Ikke det st\u00f8rknede menneske F\u00f8r du selv ved af det Her skal jeg trille Det er ikke normalt F\u00f8r du selv ved af det Jeg vil kun tale med mig selv Det er ikke normalt Jeg har sk\u00e5ret sorgen af Jeg vil kun tale med &hellip; <a href=\"https:\/\/turnonliterature.eu\/dk\/2018\/11\/14\/fuld-af-had-d-14-11-18-171842-til-172001\/\" class=\"more-link\">L\u00e6s mere <span class=\"screen-reader-text\">Fuld af had d. 14.11.18 17:18:42 til 17:20:01<\/span><\/a><\/p>\n","protected":false},"author":1,"featured_media":0,"comment_status":"closed","ping_status":"open","sticky":false,"template":"","format":"standard","meta":{"footnotes":""},"categories":[1],"tags":[],"class_list":["post-2578","post","type-post","status-publish","format-standard","hentry","category-digte"],"_links":{"self":[{"href":"https:\/\/turnonliterature.eu\/dk\/wp-json\/wp\/v2\/posts\/2578"}],"collection":[{"href":"https:\/\/turnonliterature.eu\/dk\/wp-json\/wp\/v2\/posts"}],"about":[{"href":"https:\/\/turnonliterature.eu\/dk\/wp-json\/wp\/v2\/types\/post"}],"author":[{"embeddable":true,"href":"https:\/\/turnonliterature.eu\/dk\/wp-json\/wp\/v2\/users\/1"}],"replies":[{"embeddable":true,"href":"https:\/\/turnonliterature.eu\/dk\/wp-json\/wp\/v2\/comments?post=2578"}],"version-history":[{"count":1,"href":"https:\/\/turnonliterature.eu\/dk\/wp-json\/wp\/v2\/posts\/2578\/revisions"}],"predecessor-version":[{"id":2579,"href":"https:\/\/turnonliterature.eu\/dk\/wp-json\/wp\/v2\/posts\/2578\/revisions\/2579"}],"wp:attachment":[{"href":"https:\/\/turnonliterature.eu\/dk\/wp-json\/wp\/v2\/media?parent=2578"}],"wp:term":[{"taxonomy":"category","embeddable":true,"href":"https:\/\/turnonliterature.eu\/dk\/wp-json\/wp\/v2\/categories?post=2578"},{"taxonomy":"post_tag","embeddable":true,"href":"https:\/\/turnonliterature.eu\/dk\/wp-json\/wp\/v2\/tags?post=2578"}],"curies":[{"name":"wp","href":"https:\/\/api.w.org\/{rel}","templated":true}]}}