{"id":1156,"date":"2018-07-19T13:31:32","date_gmt":"2018-07-19T11:31:32","guid":{"rendered":"http:\/\/turnonliterature.eu\/dk\/?p=1156"},"modified":"2018-07-19T13:31:32","modified_gmt":"2018-07-19T11:31:32","slug":"fuld-af-had-d-19-juli-2018-132733-133129","status":"publish","type":"post","link":"https:\/\/turnonliterature.eu\/dk\/2018\/07\/19\/fuld-af-had-d-19-juli-2018-132733-133129\/","title":{"rendered":"Fuld af had d. 19. juli 2018, 13:27:33 &#8211; 13:31:29"},"content":{"rendered":"<div class=\"pantoumBlock\">\n<div class=\"pantoum sentence1\">H\u00e6vnen er t\u00e6t p\u00e5 os<\/div>\n<div class=\"pantoum sentence2\">F\u00f8r jeg selv ved af det<\/div>\n<div class=\"pantoum sentence3\">Vi kan ikke ryste p\u00e5 h\u00e5nden<\/div>\n<div class=\"pantoum sentence4\">Efter verden er g\u00e5et under<\/div>\n<\/div>\n<div class=\"pantoumBlock\">\n<div class=\"pantoum sentence2\">F\u00f8r jeg selv ved af det<\/div>\n<div class=\"pantoum sentence5\">Det m\u00f8rke h\u00e5r i b\u00f8lger ned ad kinden<\/div>\n<div class=\"pantoum sentence4\">Efter verden er g\u00e5et under<\/div>\n<div class=\"pantoum sentence6\">Jeg f\u00f8ler ikke det jeg ser<\/div>\n<\/div>\n<div class=\"pantoumBlock\">\n<div class=\"pantoum sentence5\">Det m\u00f8rke h\u00e5r i b\u00f8lger ned ad kinden<\/div>\n<div class=\"pantoum sentence7\">Det er det samme<\/div>\n<div class=\"pantoum sentence6\">Jeg f\u00f8ler ikke det jeg ser<\/div>\n<div class=\"pantoum sentence8 next\">Men jeg f\u00e5r dig aldrig.<\/div>\n<\/div>\n<div class=\"pantoumBlock\">\n<div class=\"pantoum sentence7\">Det er det samme<\/div>\n<div class=\"pantoum sentence3\">Vi kan ikke ryste p\u00e5 h\u00e5nden<\/div>\n<div class=\"pantoum sentence8 next\">Men jeg f\u00e5r dig aldrig.<\/div>\n<div class=\"pantoum sentence1\">H\u00e6vnen er t\u00e6t p\u00e5 os<\/div>\n<\/div>\n","protected":false},"excerpt":{"rendered":"<p>H\u00e6vnen er t\u00e6t p\u00e5 os F\u00f8r jeg selv ved af det Vi kan ikke ryste p\u00e5 h\u00e5nden Efter verden er g\u00e5et under F\u00f8r jeg selv ved af det Det m\u00f8rke h\u00e5r i b\u00f8lger ned ad kinden Efter verden er g\u00e5et under Jeg f\u00f8ler ikke det jeg ser Det m\u00f8rke h\u00e5r i b\u00f8lger ned ad kinden &hellip; <a href=\"https:\/\/turnonliterature.eu\/dk\/2018\/07\/19\/fuld-af-had-d-19-juli-2018-132733-133129\/\" class=\"more-link\">L\u00e6s mere <span class=\"screen-reader-text\">Fuld af had d. 19. juli 2018, 13:27:33 &#8211; 13:31:29<\/span><\/a><\/p>\n","protected":false},"author":1,"featured_media":0,"comment_status":"closed","ping_status":"open","sticky":false,"template":"","format":"standard","meta":{"footnotes":""},"categories":[1],"tags":[],"class_list":["post-1156","post","type-post","status-publish","format-standard","hentry","category-digte"],"_links":{"self":[{"href":"https:\/\/turnonliterature.eu\/dk\/wp-json\/wp\/v2\/posts\/1156"}],"collection":[{"href":"https:\/\/turnonliterature.eu\/dk\/wp-json\/wp\/v2\/posts"}],"about":[{"href":"https:\/\/turnonliterature.eu\/dk\/wp-json\/wp\/v2\/types\/post"}],"author":[{"embeddable":true,"href":"https:\/\/turnonliterature.eu\/dk\/wp-json\/wp\/v2\/users\/1"}],"replies":[{"embeddable":true,"href":"https:\/\/turnonliterature.eu\/dk\/wp-json\/wp\/v2\/comments?post=1156"}],"version-history":[{"count":1,"href":"https:\/\/turnonliterature.eu\/dk\/wp-json\/wp\/v2\/posts\/1156\/revisions"}],"predecessor-version":[{"id":1157,"href":"https:\/\/turnonliterature.eu\/dk\/wp-json\/wp\/v2\/posts\/1156\/revisions\/1157"}],"wp:attachment":[{"href":"https:\/\/turnonliterature.eu\/dk\/wp-json\/wp\/v2\/media?parent=1156"}],"wp:term":[{"taxonomy":"category","embeddable":true,"href":"https:\/\/turnonliterature.eu\/dk\/wp-json\/wp\/v2\/categories?post=1156"},{"taxonomy":"post_tag","embeddable":true,"href":"https:\/\/turnonliterature.eu\/dk\/wp-json\/wp\/v2\/tags?post=1156"}],"curies":[{"name":"wp","href":"https:\/\/api.w.org\/{rel}","templated":true}]}}